{"id":3996,"date":"2026-08-31T13:33:08","date_gmt":"2026-08-31T13:33:08","guid":{"rendered":"https:\/\/lo5.szczecin.pl\/?p=3996"},"modified":"2026-08-31T13:33:38","modified_gmt":"2026-08-31T13:33:38","slug":"3996","status":"publish","type":"post","link":"https:\/\/lo5.szczecin.pl\/?p=3996","title":{"rendered":"Obiady we wrze\u015bniu"},"content":{"rendered":"<p style=\"text-align: center;\">Og\u0142oszenie Uczniowie<\/p>\n<p style=\"text-align: center;\">Sprzeda\u017c obiad\u00f3w we WRZE\u015aNIU 2026 r.<\/p>\n<p style=\"text-align: left;\">Sprzeda\u017c obiad\u00f3w dla uczni\u00f3w w naszej szkole odbywa si\u0119 wy\u0142\u0105cznie przez system \u201eJemWSzkole\u201d. We wrze\u015bniu obiady wydawane b\u0119d\u0105 w dniach: 07.09.2026 r. (poniedzia\u0142ek) &#8211; 30.09.2026 r. (\u015broda).<br \/>\nKoszt obiad\u00f3w we wrze\u015bniu:<br \/>\nliczba dni \u017cywienia w miesi\u0105cu * koszt obiadu = 18 dni x 10,00 z\u0142 = kwota do wp\u0142aty 180,00 z\u0142<\/p>\n<p style=\"text-align: left;\">UWAGA \u2013 uruchomienie sprzeda\u017cy na wrzesie\u0144 nast\u0105pi 1 wrze\u015bnia (wtorek) o godz. 7.00<\/p>\n<p style=\"text-align: left;\">Wp\u0142at za miesi\u0105c wrzesie\u0144 nale\u017cy dokonywa\u0107 do czwartku 3 wrze\u015bnia do godz. 23.59. Obiad b\u0119dzie przys\u0142ugiwa\u0142 wtedy od poniedzia\u0142ku 7 wrze\u015bnia.<\/p>\n<p style=\"text-align: left;\">W przypadku niedotrzymania terminu wp\u0142aty, zgodnie z Regulaminem sto\u0142\u00f3wki \u2013 wp\u0142ata dokonana w danym dniu uprawnia do posi\u0142ku od 4 dnia przypadaj\u0105cego po wp\u0142acie.<\/p>\n<p style=\"text-align: left;\">W przypadku nieobecno\u015bci rezygnacj\u0119 z obiadu do godziny 9.00 dnia poprzedniego nale\u017cy zg\u0142asza\u0107 r\u00f3wnie\u017c przez system.<\/p>\n<p style=\"text-align: left;\">Informujemy, i\u017c w roku szkolnym 2026\/2027 stawka za posi\u0142ek obiadowy dla ucznia wynosi 10,00 z\u0142\/ dzie\u0144. Od 1 wrze\u015bnia sto\u0142\u00f3wka realizowa\u0107 b\u0119dzie jad\u0142ospis zgodny z za\u0142o\u017ceniami diety planetarnej, stosownie do zapis\u00f3w Rozporz\u0105dzenia Ministra Zdrowia z dnia 16 lutego 2026 r. (Dz.U. 2026 poz. 197).<\/p>\n","protected":false},"excerpt":{"rendered":"<p>Og\u0142oszenie Uczniowie Sprzeda\u017c obiad\u00f3w we WRZE\u015aNIU 2026 r. Sprzeda\u017c obiad\u00f3w dla uczni\u00f3w w naszej szkole odbywa si\u0119 wy\u0142\u0105cznie przez system \u201eJemWSzkole\u201d. We wrze\u015bniu obiady wydawane b\u0119d\u0105 w dniach: 07.09.2026 r. (poniedzia\u0142ek) &#8211; 30.09.2026 r. (\u015broda). Koszt obiad\u00f3w we wrze\u015bniu: liczba dni \u017cywienia w miesi\u0105cu * koszt obiadu = 18 dni [&hellip;]<\/p>\n","protected":false},"author":2,"featured_media":0,"comment_status":"open","ping_status":"open","sticky":false,"template":"","format":"standard","meta":{"ngg_post_thumbnail":0,"footnotes":""},"categories":[1],"tags":[],"post_folder":[],"class_list":["post-3996","post","type-post","status-publish","format-standard","hentry","category-uncategorized"],"_links":{"self":[{"href":"https:\/\/lo5.szczecin.pl\/index.php?rest_route=\/wp\/v2\/posts\/3996","targetHints":{"allow":["GET"]}}],"collection":[{"href":"https:\/\/lo5.szczecin.pl\/index.php?rest_route=\/wp\/v2\/posts"}],"about":[{"href":"https:\/\/lo5.szczecin.pl\/index.php?rest_route=\/wp\/v2\/types\/post"}],"author":[{"embeddable":true,"href":"https:\/\/lo5.szczecin.pl\/index.php?rest_route=\/wp\/v2\/users\/2"}],"replies":[{"embeddable":true,"href":"https:\/\/lo5.szczecin.pl\/index.php?rest_route=%2Fwp%2Fv2%2Fcomments&post=3996"}],"version-history":[{"count":2,"href":"https:\/\/lo5.szczecin.pl\/index.php?rest_route=\/wp\/v2\/posts\/3996\/revisions"}],"predecessor-version":[{"id":3998,"href":"https:\/\/lo5.szczecin.pl\/index.php?rest_route=\/wp\/v2\/posts\/3996\/revisions\/3998"}],"wp:attachment":[{"href":"https:\/\/lo5.szczecin.pl\/index.php?rest_route=%2Fwp%2Fv2%2Fmedia&parent=3996"}],"wp:term":[{"taxonomy":"category","embeddable":true,"href":"https:\/\/lo5.szczecin.pl\/index.php?rest_route=%2Fwp%2Fv2%2Fcategories&post=3996"},{"taxonomy":"post_tag","embeddable":true,"href":"https:\/\/lo5.szczecin.pl\/index.php?rest_route=%2Fwp%2Fv2%2Ftags&post=3996"},{"taxonomy":"post_folder","embeddable":true,"href":"https:\/\/lo5.szczecin.pl\/index.php?rest_route=%2Fwp%2Fv2%2Fpost_folder&post=3996"}],"curies":[{"name":"wp","href":"https:\/\/api.w.org\/{rel}","templated":true}]}}