{"id":3994,"date":"2026-08-26T14:12:03","date_gmt":"2026-08-26T14:12:03","guid":{"rendered":"https:\/\/lo5.szczecin.pl\/?p=3994"},"modified":"2026-08-26T14:12:03","modified_gmt":"2026-08-26T14:12:03","slug":"rozpoczecie-roku-szkolnego-2026-2027","status":"publish","type":"post","link":"https:\/\/lo5.szczecin.pl\/?p=3994","title":{"rendered":"Rozpocz\u0119cie roku szkolnego 2026\/2027"},"content":{"rendered":"<p><strong>Uroczyste rozpocz\u0119cie roku szkolnego:<\/strong><\/p>\n<p><strong>8.15 <\/strong><strong>\u2013 spotkanie wychowawc\u00f3w klas pierwszych z uczniami w salach <\/strong>(1A \u2013 51, 1B \u2013 41, 1C \u2013 12, 1D \u2013 53, 1E &#8211; 13)<\/p>\n<p><strong>9.00 <\/strong><strong>\u2013 uroczysto\u015b\u0107 rozpocz\u0119cia roku szkolnego na placu apelowym<\/strong><\/p>\n<p><strong>10.00 \u2013 testy poziomuj\u0105ce z j\u0119zyk\u00f3w obcych dla klas pierwszych <\/strong>(prosimy zabra\u0107 telefon i d\u0142ugopis)<\/p>\n<p><strong>Oko\u0142o <\/strong><strong>10.00 <\/strong><strong>-spotkanie wychowawc\u00f3w klas 2-4 z uczniami w salach (2A \u2013 15, 2B \u2013 43, 2C \u2013 52, 2D \u2013 42, 3A &#8211;&nbsp;11, 3B \u2013 10, 3C \u2013 4, 4A \u2013 44, 4B \u2013 46, 4C \u2013 56, 4D \u2013 50, 4E \u2013 14, 4F \u2013 55);<\/strong><\/p>\n<p><strong>17.00 <\/strong><strong>\u2013 spotkanie Dyrektora Szko\u0142y z rodzicami klas pierwszych: 1A, 1B, 1C, 1D, 1E + zebrania z wychowawc\u0105 o g. 17.30<\/strong><\/p>\n","protected":false},"excerpt":{"rendered":"<p>Uroczyste rozpocz\u0119cie roku szkolnego: 8.15 \u2013 spotkanie wychowawc\u00f3w klas pierwszych z uczniami w salach (1A \u2013 51, 1B \u2013 41, 1C \u2013 12, 1D \u2013 53, 1E &#8211; 13) 9.00 \u2013 uroczysto\u015b\u0107 rozpocz\u0119cia roku szkolnego na placu apelowym 10.00 \u2013 testy poziomuj\u0105ce z j\u0119zyk\u00f3w obcych dla klas pierwszych (prosimy zabra\u0107 [&hellip;]<\/p>\n","protected":false},"author":3,"featured_media":0,"comment_status":"open","ping_status":"open","sticky":false,"template":"","format":"standard","meta":{"ngg_post_thumbnail":0,"footnotes":""},"categories":[1],"tags":[],"post_folder":[],"class_list":["post-3994","post","type-post","status-publish","format-standard","hentry","category-uncategorized"],"_links":{"self":[{"href":"https:\/\/lo5.szczecin.pl\/index.php?rest_route=\/wp\/v2\/posts\/3994","targetHints":{"allow":["GET"]}}],"collection":[{"href":"https:\/\/lo5.szczecin.pl\/index.php?rest_route=\/wp\/v2\/posts"}],"about":[{"href":"https:\/\/lo5.szczecin.pl\/index.php?rest_route=\/wp\/v2\/types\/post"}],"author":[{"embeddable":true,"href":"https:\/\/lo5.szczecin.pl\/index.php?rest_route=\/wp\/v2\/users\/3"}],"replies":[{"embeddable":true,"href":"https:\/\/lo5.szczecin.pl\/index.php?rest_route=%2Fwp%2Fv2%2Fcomments&post=3994"}],"version-history":[{"count":1,"href":"https:\/\/lo5.szczecin.pl\/index.php?rest_route=\/wp\/v2\/posts\/3994\/revisions"}],"predecessor-version":[{"id":3995,"href":"https:\/\/lo5.szczecin.pl\/index.php?rest_route=\/wp\/v2\/posts\/3994\/revisions\/3995"}],"wp:attachment":[{"href":"https:\/\/lo5.szczecin.pl\/index.php?rest_route=%2Fwp%2Fv2%2Fmedia&parent=3994"}],"wp:term":[{"taxonomy":"category","embeddable":true,"href":"https:\/\/lo5.szczecin.pl\/index.php?rest_route=%2Fwp%2Fv2%2Fcategories&post=3994"},{"taxonomy":"post_tag","embeddable":true,"href":"https:\/\/lo5.szczecin.pl\/index.php?rest_route=%2Fwp%2Fv2%2Ftags&post=3994"},{"taxonomy":"post_folder","embeddable":true,"href":"https:\/\/lo5.szczecin.pl\/index.php?rest_route=%2Fwp%2Fv2%2Fpost_folder&post=3994"}],"curies":[{"name":"wp","href":"https:\/\/api.w.org\/{rel}","templated":true}]}}