{"id":3992,"date":"2026-08-25T10:09:02","date_gmt":"2026-08-25T10:09:02","guid":{"rendered":"https:\/\/lo5.szczecin.pl\/?p=3992"},"modified":"2026-08-25T10:09:02","modified_gmt":"2026-08-25T10:09:02","slug":"informacja-o-obiadach-dla-uczniow-klas-1","status":"publish","type":"post","link":"https:\/\/lo5.szczecin.pl\/?p=3992","title":{"rendered":"Informacja o obiadach dla uczni\u00f3w klas 1"},"content":{"rendered":"<p style=\"text-align: center;\"><strong>Informacja dla uczni\u00f3w klas pierwszych oraz uczni\u00f3w zainteresowanych rozpocz\u0119ciem&nbsp; korzystania ze sto\u0142\u00f3wki szkolnej po raz pierwszy<br \/>\n<u>o zak\u0142adaniu konta w aplikacji <\/u><\/strong><strong><u>\u201c Jem w szkole\u201d<\/u><\/strong><\/p>\n<p>&nbsp;<\/p>\n<p>Uprzejmie informujemy, i\u017c w naszej szkole dzia\u0142a system zamawiania posi\u0142k\u00f3w (obejmuj\u0105cy r\u00f3wnie\u017c ich op\u0142acanie oraz zg\u0142aszanie nieobecno\u015bci) poprzez aplikacj\u0119 \u201cJem w szkole\u201d.<\/p>\n<p>Aby mie\u0107 mo\u017cliwo\u015b\u0107 zam\u00f3wienia posi\u0142ku, nale\u017cy za\u0142o\u017cy\u0107 konto na platformie \u201cJem w szkole\u201d.<\/p>\n<p>Celem rejestracji nale\u017cy wype\u0142ni\u0107 formularz dost\u0119pny pod poni\u017cszym linkiem:<\/p>\n<p>&nbsp;\ud83d\udc49&nbsp;<a href=\"https:\/\/system.jemwszkole.pl\/registration\/lo5_szczecin\"><strong>https:\/\/system.jemwszkole.pl\/registration\/lo5_szczecin<\/strong><\/a><\/p>\n<p><strong>&nbsp;<\/strong><\/p>\n<p><strong>UWAGA<\/strong>&nbsp;\u2013 konto zak\u0142ada&nbsp;<strong>Rodzic<\/strong>&nbsp;lub&nbsp;<strong>Opiekun prawny-&nbsp;<\/strong>zamawiaj\u0105cy&nbsp; posi\u0142ki i dokonuj\u0105cy p\u0142atno\u015bci<\/p>\n<p>&nbsp;<\/p>\n<p>Po rejestracji &nbsp;na adres e-mail wp\u0142ynie wiadomo\u015b\u0107 z potwierdzeniem utworzenia konta.<\/p>\n<p><strong>&nbsp;<\/strong>Od tego momentu b\u0119dzie mo\u017cna zalogowa\u0107 si\u0119 do aplikacji i zarz\u0105dza\u0107 m.in. p\u0142atno\u015bciami za wy\u017cywienie.<\/p>\n<h3>&nbsp;<\/h3>\n<h3><strong>Jak korzysta\u0107 z aplikacji?<\/strong><\/h3>\n<p><strong>&nbsp;<\/strong>Nie ma potrzeby instalowania aplikacji \u2013 wystarczy przegl\u0105darka internetowa (na dowolnym urz\u0105dzeniu posiadaj\u0105cym dost\u0119p do internetu).<\/p>\n<p>&nbsp;<\/p>\n<p>\ud83d\udd17&nbsp;<strong>Dost\u0119p do aplikacji:<\/strong><a href=\"https:\/\/system.jemwszkole.pl\/\"><strong>&nbsp;system.jemwszkole.pl<\/strong><\/a><\/p>\n<p>\ud83d\udce7&nbsp;<strong>Login:<\/strong>&nbsp;adres e-mail podany podczas rejestracji<\/p>\n<p>Po zalogowaniu nale\u017cy:<\/p>\n<ul>\n<li>Doda\u0107 dziecko\/dzieci do swojego konta (szczeg\u00f3\u0142owa instrukcja dost\u0119pna jest w zak\u0142adce \u201eInstrukcje\u201d w aplikacji).<\/li>\n<li><u>Poczeka\u0107 na akceptacj\u0119 zg\u0142oszenia przez pracownika szko\u0142y.<\/u><\/li>\n<li>Po akceptacji dziecka\/dzieci przez pracownika szko\u0142y, aplikacja b\u0119dzie gotowa do pe\u0142nego u\u017cytkowania.<\/li>\n<\/ul>\n<h3><strong>Pomoc i instrukcje<\/strong><\/h3>\n<p>\ud83c\udfa5 Kr\u00f3tki film instrukta\u017cowy dot. rejestracji konta:<br \/>\n<a href=\"https:\/\/youtu.be\/nzPDR0z31cs\"><strong>&nbsp;<\/strong><\/a><a href=\"https:\/\/youtu.be\/nzPDR0z31cs\"><strong>https:\/\/youtu.be\/nzPDR0z31cs<\/strong><\/a><\/p>\n<p>\ud83d\udcc1 Dodatkowe instrukcje (filmy) znajduj\u0105 si\u0119 po zalogowaniu w zak\u0142adce&nbsp;<strong>\u201eInstrukcje\u201d<\/strong>.<\/p>\n<p>\ud83d\udce7 W razie pyta\u0144 lub problem\u00f3w technicznych prosimy o kontakt na adres e-mail&nbsp;<a href=\"mailto:michal@fieldworker.pl\"><strong>kontakt@jemwszkole.pl<\/strong><\/a><\/p>\n<p>Zach\u0119camy do szybkiej rejestracji i \u017cyczymy sprawnego korzystania z aplikacji \u201cJem w szkole&#8221;!<\/p>\n","protected":false},"excerpt":{"rendered":"<p>Informacja dla uczni\u00f3w klas pierwszych oraz uczni\u00f3w zainteresowanych rozpocz\u0119ciem&nbsp; korzystania ze sto\u0142\u00f3wki szkolnej po raz pierwszy o zak\u0142adaniu konta w aplikacji \u201c Jem w szkole\u201d &nbsp; Uprzejmie informujemy, i\u017c w naszej szkole dzia\u0142a system zamawiania posi\u0142k\u00f3w (obejmuj\u0105cy r\u00f3wnie\u017c ich op\u0142acanie oraz zg\u0142aszanie nieobecno\u015bci) poprzez aplikacj\u0119 \u201cJem w szkole\u201d. Aby mie\u0107 [&hellip;]<\/p>\n","protected":false},"author":2,"featured_media":0,"comment_status":"open","ping_status":"open","sticky":false,"template":"","format":"standard","meta":{"ngg_post_thumbnail":0,"footnotes":""},"categories":[1],"tags":[],"post_folder":[],"class_list":["post-3992","post","type-post","status-publish","format-standard","hentry","category-uncategorized"],"_links":{"self":[{"href":"https:\/\/lo5.szczecin.pl\/index.php?rest_route=\/wp\/v2\/posts\/3992","targetHints":{"allow":["GET"]}}],"collection":[{"href":"https:\/\/lo5.szczecin.pl\/index.php?rest_route=\/wp\/v2\/posts"}],"about":[{"href":"https:\/\/lo5.szczecin.pl\/index.php?rest_route=\/wp\/v2\/types\/post"}],"author":[{"embeddable":true,"href":"https:\/\/lo5.szczecin.pl\/index.php?rest_route=\/wp\/v2\/users\/2"}],"replies":[{"embeddable":true,"href":"https:\/\/lo5.szczecin.pl\/index.php?rest_route=%2Fwp%2Fv2%2Fcomments&post=3992"}],"version-history":[{"count":1,"href":"https:\/\/lo5.szczecin.pl\/index.php?rest_route=\/wp\/v2\/posts\/3992\/revisions"}],"predecessor-version":[{"id":3993,"href":"https:\/\/lo5.szczecin.pl\/index.php?rest_route=\/wp\/v2\/posts\/3992\/revisions\/3993"}],"wp:attachment":[{"href":"https:\/\/lo5.szczecin.pl\/index.php?rest_route=%2Fwp%2Fv2%2Fmedia&parent=3992"}],"wp:term":[{"taxonomy":"category","embeddable":true,"href":"https:\/\/lo5.szczecin.pl\/index.php?rest_route=%2Fwp%2Fv2%2Fcategories&post=3992"},{"taxonomy":"post_tag","embeddable":true,"href":"https:\/\/lo5.szczecin.pl\/index.php?rest_route=%2Fwp%2Fv2%2Ftags&post=3992"},{"taxonomy":"post_folder","embeddable":true,"href":"https:\/\/lo5.szczecin.pl\/index.php?rest_route=%2Fwp%2Fv2%2Fpost_folder&post=3992"}],"curies":[{"name":"wp","href":"https:\/\/api.w.org\/{rel}","templated":true}]}}