{"id":3989,"date":"2026-08-25T07:34:30","date_gmt":"2026-08-25T07:34:30","guid":{"rendered":"https:\/\/lo5.szczecin.pl\/?p=3989"},"modified":"2026-08-25T07:34:30","modified_gmt":"2026-08-25T07:34:30","slug":"zebranie-rodzicow-uczniow-kl-1","status":"publish","type":"post","link":"https:\/\/lo5.szczecin.pl\/?p=3989","title":{"rendered":"Zebranie Rodzic\u00f3w Uczni\u00f3w kl.1"},"content":{"rendered":"<p>Zapraszamy na zebranie Rodzic\u00f3w Uczni\u00f3w <span style=\"text-decoration: underline;\">klas pierwszych<\/span>, kt\u00f3re odb\u0119dzie si\u0119 we wtorek 1 wrze\u015bnia 2026 r. o godzinie 17:00<\/p>\n","protected":false},"excerpt":{"rendered":"<p>Zapraszamy na zebranie Rodzic\u00f3w Uczni\u00f3w klas pierwszych, kt\u00f3re odb\u0119dzie si\u0119 we wtorek 1 wrze\u015bnia 2026 r. o godzinie 17:00<\/p>\n","protected":false},"author":3,"featured_media":0,"comment_status":"open","ping_status":"open","sticky":false,"template":"","format":"standard","meta":{"ngg_post_thumbnail":0,"footnotes":""},"categories":[1],"tags":[],"post_folder":[],"class_list":["post-3989","post","type-post","status-publish","format-standard","hentry","category-uncategorized"],"_links":{"self":[{"href":"https:\/\/lo5.szczecin.pl\/index.php?rest_route=\/wp\/v2\/posts\/3989","targetHints":{"allow":["GET"]}}],"collection":[{"href":"https:\/\/lo5.szczecin.pl\/index.php?rest_route=\/wp\/v2\/posts"}],"about":[{"href":"https:\/\/lo5.szczecin.pl\/index.php?rest_route=\/wp\/v2\/types\/post"}],"author":[{"embeddable":true,"href":"https:\/\/lo5.szczecin.pl\/index.php?rest_route=\/wp\/v2\/users\/3"}],"replies":[{"embeddable":true,"href":"https:\/\/lo5.szczecin.pl\/index.php?rest_route=%2Fwp%2Fv2%2Fcomments&post=3989"}],"version-history":[{"count":1,"href":"https:\/\/lo5.szczecin.pl\/index.php?rest_route=\/wp\/v2\/posts\/3989\/revisions"}],"predecessor-version":[{"id":3990,"href":"https:\/\/lo5.szczecin.pl\/index.php?rest_route=\/wp\/v2\/posts\/3989\/revisions\/3990"}],"wp:attachment":[{"href":"https:\/\/lo5.szczecin.pl\/index.php?rest_route=%2Fwp%2Fv2%2Fmedia&parent=3989"}],"wp:term":[{"taxonomy":"category","embeddable":true,"href":"https:\/\/lo5.szczecin.pl\/index.php?rest_route=%2Fwp%2Fv2%2Fcategories&post=3989"},{"taxonomy":"post_tag","embeddable":true,"href":"https:\/\/lo5.szczecin.pl\/index.php?rest_route=%2Fwp%2Fv2%2Ftags&post=3989"},{"taxonomy":"post_folder","embeddable":true,"href":"https:\/\/lo5.szczecin.pl\/index.php?rest_route=%2Fwp%2Fv2%2Fpost_folder&post=3989"}],"curies":[{"name":"wp","href":"https:\/\/api.w.org\/{rel}","templated":true}]}}